{"id":2496,"date":"2022-06-09T19:06:54","date_gmt":"2022-06-09T19:06:54","guid":{"rendered":"https:\/\/syri.tv\/?p=2496"},"modified":"2022-06-09T19:08:38","modified_gmt":"2022-06-09T19:08:38","slug":"friday-night-boxing-nivel-boteror-me-10-qershor-ne-uster-te-zvicres","status":"publish","type":"post","link":"https:\/\/syri.tv\/?p=2496","title":{"rendered":"&#171;FRIDAY NIGHT BOXING&#187; Nivel bot\u00ebror me 10 qershor n\u00eb Uster t\u00eb Zvicr\u00ebs"},"content":{"rendered":"<p>Qyteti i vog\u00ebl n\u00eb Zvicr\u00ebn, Uster, me 10 qershor 2022 do t\u00eb jet\u00eb epiqendra e boksit n\u00eb shtetin Helvetik por edhe n\u00eb Evrop\u00eb pasi do t\u00eb zhvillohet edicioni i dyt\u00eb i spektaklit t\u00eb boksit &#171;FRIDAY NIGHT BOXING&#187; ku do t\u00eb paraqiten n\u00eb ring edhe tre boksier shqiptar. Promoter i eventit \u00ebsht\u00eb Florian Gelev, kurse nd\u00ebrmjet\u00ebsues (Matchmaker) s\u00ebrish \u00ebsht\u00eb menaxheri i njohur shqiptar, Avdyl Salihu.<\/p>\n<p><img loading=\"lazy\" loading=\"lazy\" decoding=\"async\" class=\"alignnone size-medium wp-image-2499\" src=\"https:\/\/syri.tv\/wp-content\/uploads\/2022\/06\/6-1-187x300.jpeg\" alt=\"\" width=\"187\" height=\"300\" srcset=\"https:\/\/syri.tv\/wp-content\/uploads\/2022\/06\/6-1-187x300.jpeg 187w, https:\/\/syri.tv\/wp-content\/uploads\/2022\/06\/6-1.jpeg 597w\" sizes=\"auto, (max-width: 187px) 100vw, 187px\" \/> <img loading=\"lazy\" loading=\"lazy\" decoding=\"async\" class=\"alignnone size-medium wp-image-2500\" src=\"https:\/\/syri.tv\/wp-content\/uploads\/2022\/06\/2-300x300.jpeg\" alt=\"\" width=\"300\" height=\"300\" srcset=\"https:\/\/syri.tv\/wp-content\/uploads\/2022\/06\/2-300x300.jpeg 300w, https:\/\/syri.tv\/wp-content\/uploads\/2022\/06\/2-1024x1024.jpeg 1024w, https:\/\/syri.tv\/wp-content\/uploads\/2022\/06\/2-150x150.jpeg 150w, https:\/\/syri.tv\/wp-content\/uploads\/2022\/06\/2-768x768.jpeg 768w, https:\/\/syri.tv\/wp-content\/uploads\/2022\/06\/2-860x860.jpeg 860w, https:\/\/syri.tv\/wp-content\/uploads\/2022\/06\/2.jpeg 1440w\" sizes=\"auto, (max-width: 300px) 100vw, 300px\" \/><\/p>\n<p>Ky bashkim i forcave Gelev \u2013 Salihu ka b\u00ebr\u00eb q\u00eb ky eveniment qysh nga edicioni i par\u00eb t\u00eb merr nj\u00eb simpati tek publiku pasi u zhvilluan shum\u00eb duele t\u00eb fuqishme dhe e nj\u00ebjta pritet t\u00eb p\u00ebrs\u00ebritet dhe tani, sigurisht ne palestr\u00ebn p\u00ebrplot me fansa. K\u00ebsaj here n\u00eb ring pas 3 viteve po kthehet legjenda e gjalle e boksit, Arnold Gjergjaj i cili do t\u00eb p\u00ebrballet ndaj kroatit Tomislav Sentic i cili njihet si nj\u00eb boksier mjaft i q\u00ebndruesh\u00ebm me rekord personal 5.2.0.<\/p>\n<p>Ndeshje mjaft interesante pritet edhe ne mes duelit Ramadan Hiseni vs Nizar Trimech.<\/p>\n<p>Ky i fundit ka rekord prej 9.3.1 dhe p\u00ebr momentin renditet n\u00eb bot\u00eb si i 106 si dhe Alfred Kqira i cili do t\u00eb p\u00ebrballet me serbin e pap\u00ebrshtatsh\u00ebm, Nikola Ivkovic. N\u00eb ringun e Usterit do t\u00eb paraqiten edhe debutanti Ali Gerwe i cili do ti kryq\u00ebzoj dor\u00ebzat ndaj s\u00ebrbit Sebastijan Saciri dhe Devin Strubin do t\u00eb debutoj ndaj Enid Spago nga Sllovenia.<\/p>\n<p><img loading=\"lazy\" loading=\"lazy\" decoding=\"async\" class=\"alignnone size-medium wp-image-2501\" src=\"https:\/\/syri.tv\/wp-content\/uploads\/2022\/06\/3-300x300.jpeg\" alt=\"\" width=\"300\" height=\"300\" srcset=\"https:\/\/syri.tv\/wp-content\/uploads\/2022\/06\/3-300x300.jpeg 300w, https:\/\/syri.tv\/wp-content\/uploads\/2022\/06\/3-1024x1024.jpeg 1024w, https:\/\/syri.tv\/wp-content\/uploads\/2022\/06\/3-150x150.jpeg 150w, https:\/\/syri.tv\/wp-content\/uploads\/2022\/06\/3-768x768.jpeg 768w, https:\/\/syri.tv\/wp-content\/uploads\/2022\/06\/3-860x860.jpeg 860w, https:\/\/syri.tv\/wp-content\/uploads\/2022\/06\/3.jpeg 1439w\" sizes=\"auto, (max-width: 300px) 100vw, 300px\" \/><img loading=\"lazy\" loading=\"lazy\" decoding=\"async\" class=\"alignnone size-medium wp-image-2502\" src=\"https:\/\/syri.tv\/wp-content\/uploads\/2022\/06\/5-300x300.jpeg\" alt=\"\" width=\"300\" height=\"300\" srcset=\"https:\/\/syri.tv\/wp-content\/uploads\/2022\/06\/5-300x300.jpeg 300w, https:\/\/syri.tv\/wp-content\/uploads\/2022\/06\/5-1024x1024.jpeg 1024w, https:\/\/syri.tv\/wp-content\/uploads\/2022\/06\/5-150x150.jpeg 150w, https:\/\/syri.tv\/wp-content\/uploads\/2022\/06\/5-768x768.jpeg 768w, https:\/\/syri.tv\/wp-content\/uploads\/2022\/06\/5-860x860.jpeg 860w, https:\/\/syri.tv\/wp-content\/uploads\/2022\/06\/5.jpeg 1440w\" sizes=\"auto, (max-width: 300px) 100vw, 300px\" \/><\/p>\n<p>Bokserat shqiptar kan\u00eb paralajm\u00ebruar t\u00eb gjith\u00eb fitore edhe pse ndaj tyre do ken\u00eb kund\u00ebrshtar mjaft t\u00eb mir\u00eb, por p\u00ebr t\u00eb arritur deri tek q\u00ebllimi i tyre, atyre do tu duhet edhe mb\u00ebshtetja e fansave. Andaj nga tani mund ti rezervoni tiketat ne www.tipo.ch\/boxing. Tiketat jan\u00eb t\u00eb limituara p\u00ebr shkak hap\u00ebsir\u00ebs n\u00eb palest\u00ebr. Ndryshe, para fillimit t\u00eb ndeshjeve profesionale do t\u00eb zhvillohen edhe disa ndeshje amatore.<\/p>\n<p>Sponsor medial<\/p>\n<p>TV Syri Zvic\u00ebr<\/p>\n","protected":false},"excerpt":{"rendered":"<p>Qyteti i vog\u00ebl n\u00eb Zvicr\u00ebn, Uster, me 10 qershor 2022 do t\u00eb jet\u00eb epiqendra e boksit n\u00eb shtetin Helvetik por edhe n\u00eb Evrop\u00eb pasi do t\u00eb zhvillohet edicioni i dyt\u00eb i spektaklit t\u00eb boksit &#171;FRIDAY NIGHT BOXING&#187; ku do t\u00eb paraqiten n\u00eb ring edhe tre boksier shqiptar. Promoter i eventit \u00ebsht\u00eb Florian Gelev, kurse nd\u00ebrmjet\u00ebsues [&hellip;]<\/p>\n","protected":false},"author":1,"featured_media":2497,"comment_status":"closed","ping_status":"closed","sticky":false,"template":"","format":"standard","meta":{"footnotes":""},"categories":[106],"tags":[],"class_list":{"0":"post-2496","1":"post","2":"type-post","3":"status-publish","4":"format-standard","5":"has-post-thumbnail","7":"category-sport"},"_links":{"self":[{"href":"https:\/\/syri.tv\/index.php?rest_route=\/wp\/v2\/posts\/2496","targetHints":{"allow":["GET"]}}],"collection":[{"href":"https:\/\/syri.tv\/index.php?rest_route=\/wp\/v2\/posts"}],"about":[{"href":"https:\/\/syri.tv\/index.php?rest_route=\/wp\/v2\/types\/post"}],"author":[{"embeddable":true,"href":"https:\/\/syri.tv\/index.php?rest_route=\/wp\/v2\/users\/1"}],"replies":[{"embeddable":true,"href":"https:\/\/syri.tv\/index.php?rest_route=%2Fwp%2Fv2%2Fcomments&post=2496"}],"version-history":[{"count":1,"href":"https:\/\/syri.tv\/index.php?rest_route=\/wp\/v2\/posts\/2496\/revisions"}],"predecessor-version":[{"id":2503,"href":"https:\/\/syri.tv\/index.php?rest_route=\/wp\/v2\/posts\/2496\/revisions\/2503"}],"wp:featuredmedia":[{"embeddable":true,"href":"https:\/\/syri.tv\/index.php?rest_route=\/wp\/v2\/media\/2497"}],"wp:attachment":[{"href":"https:\/\/syri.tv\/index.php?rest_route=%2Fwp%2Fv2%2Fmedia&parent=2496"}],"wp:term":[{"taxonomy":"category","embeddable":true,"href":"https:\/\/syri.tv\/index.php?rest_route=%2Fwp%2Fv2%2Fcategories&post=2496"},{"taxonomy":"post_tag","embeddable":true,"href":"https:\/\/syri.tv\/index.php?rest_route=%2Fwp%2Fv2%2Ftags&post=2496"}],"curies":[{"name":"wp","href":"https:\/\/api.w.org\/{rel}","templated":true}]}}