{"id":2493,"date":"2022-06-07T14:05:09","date_gmt":"2022-06-07T14:05:09","guid":{"rendered":"https:\/\/syri.tv\/?p=2493"},"modified":"2022-06-07T14:05:09","modified_gmt":"2022-06-07T14:05:09","slug":"kurti-u-shkruan-kancelarive-ja-pse-kosova-e-kundershton-nismen-e-vucicit-per-ballkanin-e-hapur","status":"publish","type":"post","link":"https:\/\/syri.tv\/?p=2493","title":{"rendered":"Kurti u shkruan kancelarive: Ja pse Kosova e kund\u00ebrshton nism\u00ebn e Vu\u00e7i\u00e7it p\u00ebr Ballkanin e Hapur"},"content":{"rendered":"<p><em>N\u00eb prag t\u00eb mbledhjes s\u00eb radh\u00ebs t\u00eb nism\u00ebs Ballkani i Hapur, pik\u00ebrisht pak or\u00eb pasi Rusia deklaroi se kjo \u00ebsht\u00eb nj\u00eb nism\u00eb serbe q\u00eb ka mb\u00ebshtetjen e Mosk\u00ebs, qeveria e Albin Kurtit i ka d\u00ebrguar nj\u00eb let\u00ebr qeverive t\u00eb rajonit dhe atyre per\u00ebndimore. N\u00eb k\u00ebt\u00eb let\u00ebr, qeveria e Kosov\u00ebs shpjegon se pse e kund\u00ebrshton nism\u00ebn<\/em><\/p>\n<p><strong>LETRA E PLOTE<\/strong><\/p>\n<p><strong>\u00c7far\u00eb \u00ebsht\u00eb Iniciativa \u201cBallkani i Hapur\u201d dhe pse Kosova e kund\u00ebrshton at\u00eb<\/strong><\/p>\n<p>Ideja \u201cOpen Balkan\u201d ekziston prej disa vitesh dhe \u00ebsht\u00eb paraqitur me emra t\u00eb ndrysh\u00ebm. Filloi n\u00eb fillim t\u00eb vitit 2017 nga Aleksand\u00ebr Vu\u00e7i\u00e7 i cili e quajti at\u00eb \u201cUnioni doganor i Ballkanit Per\u00ebndimor\u201d. Kjo ide u hodh posht\u00eb n\u00eb at\u00eb koh\u00eb nga shum\u00eb vende t\u00eb Ballkanit Per\u00ebndimor p\u00ebr shkak t\u00eb shk\u00ebputjes s\u00eb saj me procesin e integrimit n\u00eb BE. N\u00eb Samitin vjetor t\u00eb Ballkanit Per\u00ebndimor n\u00eb kuad\u00ebr t\u00eb Procesit t\u00eb Berlinit t\u00eb mbajtur n\u00eb Trieste, Itali, n\u00eb vitin 2017, Bashkimi Evropian doli me versionin e tyre t\u00eb bashk\u00ebpunimit rajonal t\u00eb quajtur Zona Ekonomike Rajonale (REA), e cila p\u00ebrfshinte t\u00eb gjasht\u00eb vendet e Ballkanit Per\u00ebndimor.<\/p>\n<p>N\u00eb vitin 2019, pasi BE-ja nuk mundi t\u00eb arrinte konsensus p\u00ebr hapjen e negociatave t\u00eb an\u00ebtar\u00ebsimit me Shqip\u00ebrin\u00eb dhe Maqedonin\u00eb e Veriut, dy kryeministrat, Edi Rama dhe Zoran Zaev u takuan n\u00eb Novi Sad t\u00eb Serbis\u00eb me Presidentin e Serbis\u00eb, Aleksand\u00ebr Vu\u00e7i\u00e7, ku rivendos\u00ebn zakonin e Vu\u00e7i\u00e7it. Ideja e Unionit e quajti iniciativ\u00eb \u201cMini Shengen\u201d p\u00ebr t\u00eb cil\u00ebn than\u00eb se do t\u00eb ket\u00eb kat\u00ebr lirit\u00eb e BE-s\u00eb, p\u00ebrkat\u00ebsisht l\u00ebvizjen e lir\u00eb t\u00eb personave, mallrave, kapitalit dhe sh\u00ebrbimeve. Kjo ishte p\u00ebrpjekja e tyre e dyt\u00eb p\u00ebr t\u00eb organizuar nj\u00eb iniciativ\u00eb jasht\u00eb ombrell\u00ebs dhe agjend\u00ebs s\u00eb BE-s\u00eb dhe paralelisht me nism\u00ebn gjith\u00ebp\u00ebrfshir\u00ebse t\u00eb BE-s\u00eb dhe Procesit t\u00eb Berlinit.<\/p>\n<p>N\u00eb Samitin vjetor t\u00eb Procesit t\u00eb Berlinit, t\u00eb mbajtur n\u00eb Sofje n\u00eb n\u00ebntor 2020, BE-ja p\u00ebrs\u00ebri injoroi t\u00eb ashtuquajturin \u201cMini-Shengen\u201d duke dal\u00eb me iniciativ\u00ebn e saj t\u00eb quajtur Tregu i P\u00ebrbashk\u00ebt Rajonal (CRM) q\u00eb ishte nj\u00eb p\u00ebrmir\u00ebsim nga REA. Kjo iniciativ\u00eb u miratua nga t\u00eb gjitha vendet e BB6, \u00ebsht\u00eb gjith\u00ebp\u00ebrfshir\u00ebse, brenda Procesit t\u00eb Berlinit dhe sipas rregullave dhe agjend\u00ebs s\u00eb BE-s\u00eb.<\/p>\n<p>N\u00eb korrik 2021, pasi Bullgaria vuri veton ndaj hapjes s\u00eb negociatave t\u00eb pranimit nga Maqedonia e Veriut, t\u00eb tre (Vu\u00e7i\u00e7, Rama dhe Zaev) u mblodh\u00ebn n\u00eb Shkup m\u00eb 29 korrik p\u00ebr t\u00eb riem\u00ebrtuar dhe rifilluar nism\u00ebn e tyre t\u00eb vjet\u00ebr si \u201cBallkani i Hapur\u201d. Tre muaj pas m\u00eb 6 tetor n\u00eb Samitin BE-BB n\u00eb Brdo, Slloveni, BE p\u00ebrs\u00ebriti mb\u00ebshtetjen e saj p\u00ebr CRM si iniciativ\u00ebn e vetme rajonale e cila \u00ebsht\u00eb gjith\u00ebp\u00ebrfshir\u00ebse, n\u00ebn axhend\u00ebn e BE-s\u00eb dhe e mb\u00ebshtetur nga Procesi i Berlinit dhe BE.<\/p>\n<p>Kosova d\u00ebshiron bashk\u00ebpunim dhe integrim rajonal dhe beson se ekonomit\u00eb tona do t\u00eb p\u00ebrfitojn\u00eb jasht\u00ebzakonisht duke hequr barrierat, duke lidhur tregjet tona dhe m\u00eb e r\u00ebnd\u00ebsishmja duke lidhur njer\u00ebzit tan\u00eb. Kosova \u00ebsht\u00eb m\u00eb se e gatshme t\u00eb p\u00ebrshpejtoj\u00eb bashk\u00ebpunimin rajonal me qytetar\u00ebt si p\u00ebrfitues p\u00ebrfundimtar\u00eb.<\/p>\n<p>P\u00ebr k\u00ebt\u00eb q\u00ebllim ne mb\u00ebshtesim plot\u00ebsisht CRM. P\u00ebr ta p\u00ebrmir\u00ebsuar m\u00eb tej at\u00eb, ne kemi propozuar nj\u00eb marr\u00ebveshje t\u00eb re t\u00eb quajtur SEFTA e cila do t\u00eb sh\u00ebrbente si baz\u00eb p\u00ebr t\u00eb materializuar CRM-n\u00eb, p\u00ebr t\u00eb zgjidhur shum\u00eb nga ankesat aktuale q\u00eb po pengojn\u00eb integrimin rajonal dhe m\u00eb e r\u00ebnd\u00ebsishmja t\u00eb hyj\u00eb n\u00eb marr\u00ebveshje t\u00eb drejtp\u00ebrdrejt\u00eb me BE-n\u00eb si rajon. modeluar n\u00eb marr\u00ebdh\u00ebnien EFTA \u2013 EEA.<\/p>\n<p>Kosova konsideron se CRM \u00ebsht\u00eb e vetmja platform\u00eb p\u00ebr t\u00eb ecur p\u00ebrpara sepse \u00ebsht\u00eb gjith\u00ebp\u00ebrfshir\u00ebse dhe \u00ebsht\u00eb brenda agjend\u00ebs dhe ombrell\u00ebs s\u00eb BE-s\u00eb. P\u00ebr m\u00eb tep\u00ebr, q\u00ebllimi i CRM \u00ebsht\u00eb t\u00eb zbatoj\u00eb kat\u00ebr lirit\u00eb, p\u00ebrkat\u00ebsisht lirin\u00eb e l\u00ebvizjes s\u00eb personave, mallrave, kapitalit dhe sh\u00ebrbimeve bazuar n\u00eb rregullat e BE-s\u00eb. Prandaj, \u00e7do iniciativ\u00eb tjet\u00ebr q\u00eb synon t\u00eb p\u00ebrs\u00ebris\u00eb CRM-n\u00eb ose t\u00eb z\u00ebvend\u00ebsoj\u00eb an\u00ebtar\u00ebsimin n\u00eb BE nuk \u00ebsht\u00eb vet\u00ebm e tep\u00ebrt, por edhe joproduktive dhe e q\u00ebllimshme.<\/p>\n<p>Brenda Procesit t\u00eb Berlinit, t\u00eb gjitha iniciativat merren n\u00eb samite vjetore dhe miratohen nga t\u00eb gjith\u00eb BB6 dhe t\u00eb gjith\u00eb pjes\u00ebmarr\u00ebsit e procesit.<\/p>\n<p>Ne besojm\u00eb se CRM me kat\u00ebr liri \u00ebsht\u00eb e hapur p\u00ebr BB6 dhe BE dhe e lidhur me an\u00ebtar\u00ebsimin n\u00eb BE, vlerat dhe parimet. \u00c7do iniciativ\u00eb tjet\u00ebr q\u00eb k\u00ebrkon t\u00eb kopjoj\u00eb ose rivalizoj\u00eb CRM-n\u00eb, jasht\u00eb BE-s\u00eb dhe Procesit t\u00eb Berlinit nuk \u00ebsht\u00eb e nevojshme dhe mund t\u00eb jet\u00eb e hapur vet\u00ebm p\u00ebr aktor\u00ebt e tret\u00eb keqdash\u00ebs, interesi i t\u00eb cil\u00ebve \u00ebsht\u00eb t\u00eb ngadal\u00ebsojn\u00eb integrimin e rajonit n\u00eb BE dhe NATO dhe t\u00eb minojn\u00eb demokracin\u00eb dhe reformat demokratike shkruan VOAL<\/p>\n","protected":false},"excerpt":{"rendered":"<p>N\u00eb prag t\u00eb mbledhjes s\u00eb radh\u00ebs t\u00eb nism\u00ebs Ballkani i Hapur, pik\u00ebrisht pak or\u00eb pasi Rusia deklaroi se kjo \u00ebsht\u00eb nj\u00eb nism\u00eb serbe q\u00eb ka mb\u00ebshtetjen e Mosk\u00ebs, qeveria e Albin Kurtit i ka d\u00ebrguar nj\u00eb let\u00ebr qeverive t\u00eb rajonit dhe atyre per\u00ebndimore. N\u00eb k\u00ebt\u00eb let\u00ebr, qeveria e Kosov\u00ebs shpjegon se pse e kund\u00ebrshton nism\u00ebn [&hellip;]<\/p>\n","protected":false},"author":1,"featured_media":2494,"comment_status":"closed","ping_status":"closed","sticky":false,"template":"","format":"standard","meta":{"footnotes":""},"categories":[9],"tags":[],"class_list":{"0":"post-2493","1":"post","2":"type-post","3":"status-publish","4":"format-standard","5":"has-post-thumbnail","7":"category-vendi"},"_links":{"self":[{"href":"https:\/\/syri.tv\/index.php?rest_route=\/wp\/v2\/posts\/2493","targetHints":{"allow":["GET"]}}],"collection":[{"href":"https:\/\/syri.tv\/index.php?rest_route=\/wp\/v2\/posts"}],"about":[{"href":"https:\/\/syri.tv\/index.php?rest_route=\/wp\/v2\/types\/post"}],"author":[{"embeddable":true,"href":"https:\/\/syri.tv\/index.php?rest_route=\/wp\/v2\/users\/1"}],"replies":[{"embeddable":true,"href":"https:\/\/syri.tv\/index.php?rest_route=%2Fwp%2Fv2%2Fcomments&post=2493"}],"version-history":[{"count":1,"href":"https:\/\/syri.tv\/index.php?rest_route=\/wp\/v2\/posts\/2493\/revisions"}],"predecessor-version":[{"id":2495,"href":"https:\/\/syri.tv\/index.php?rest_route=\/wp\/v2\/posts\/2493\/revisions\/2495"}],"wp:featuredmedia":[{"embeddable":true,"href":"https:\/\/syri.tv\/index.php?rest_route=\/wp\/v2\/media\/2494"}],"wp:attachment":[{"href":"https:\/\/syri.tv\/index.php?rest_route=%2Fwp%2Fv2%2Fmedia&parent=2493"}],"wp:term":[{"taxonomy":"category","embeddable":true,"href":"https:\/\/syri.tv\/index.php?rest_route=%2Fwp%2Fv2%2Fcategories&post=2493"},{"taxonomy":"post_tag","embeddable":true,"href":"https:\/\/syri.tv\/index.php?rest_route=%2Fwp%2Fv2%2Ftags&post=2493"}],"curies":[{"name":"wp","href":"https:\/\/api.w.org\/{rel}","templated":true}]}}