{"id":2489,"date":"2022-05-30T06:46:04","date_gmt":"2022-05-30T06:46:04","guid":{"rendered":"https:\/\/syri.tv\/?p=2489"},"modified":"2022-05-30T06:46:04","modified_gmt":"2022-05-30T06:46:04","slug":"ne-gjeneve-sot-u-mbajt-ndeshja-dhe-koncerti-i-madh-humanitar-dedikuar-jetimave-te-ballkanit","status":"publish","type":"post","link":"https:\/\/syri.tv\/?p=2489","title":{"rendered":"Ne Gjenev\u00eb sot u mbajt ndeshja dhe koncerti i madh humanitar dedikuar \u201cJetimave te Ballkanit\u201d"},"content":{"rendered":"<div class=\"td_block_wrap tdb_single_content tdi_71_472 td-pb-border-top td_block_template_1 td-post-content tagdiv-type\" data-td-block-uid=\"tdi_71_472\">\n<div class=\"tdb-block-inner td-fix-index\">\n<p><em>Mysafiret special nga Kosova qe erdhen ne Gjenev\u00eb per ta ndjekur\u00a0evenementin humanitar dhe kulturo-sportiv ishin: Halil Kastratit (presidnet i \u201cShoqates humnaitare \u201cJetimet e Ballkanit) \u00a0Bekim Jashari (nga fmailja e komandtit legjendar Adem Jashari) dhe Agim Ademi, kryeter i FFK-s\u00eb (Photo: Le Canton27.ch)\u00a0<\/em><\/p>\n<p>Gjenev\u00eb, 29 maj -Nen organizimin e Shoqat\u00ebs bamir\u00ebse \u2018Jetimat e Ballkanit\u2019 sot ne Gjenev\u00eb te Zvicres u mbajt ndeshje humanitare n\u00eb \u2018Stade de la Fontenette\u2019 mes dy ekipeve asaj shqiptare dhe zvicerane, rrespektivsht mes skuadres s\u00eb Lorik Can\u00ebs kund\u00ebr dhe Johan Djouru. Kjo dite humaninare sot ne Gjeneve ishte pos sportive me dy ndeshje, ishte edhe koncert nga ku para pubilkut shqiptare dhe zviceran\u00eb u prenzentuan yjet estrades sone, njofton gazeta zvicerane Le Canton27.ch<\/p>\n<p><strong>Rreth 5000 shqiptare dhe zviceran\u00eb ne \u2018Stade de la Fontenette\u2019. Sot Gjeneva ishte e pushtuar me kuqezi te shqiptareve, t\u00eb Kosov\u00ebs dhe Zvicr\u00ebs!\u00a0<\/strong><\/p>\n<p><img loading=\"lazy\" loading=\"lazy\" decoding=\"async\" class=\"wp-image-16681 alignright td-animation-stack-type0-2\" src=\"https:\/\/lecanton27.ch\/wp-content\/uploads\/2022\/05\/ballkanii7-300x225.jpg\" sizes=\"auto, (max-width: 548px) 100vw, 548px\" srcset=\"https:\/\/lecanton27.ch\/wp-content\/uploads\/2022\/05\/ballkanii7-300x225.jpg 300w, https:\/\/lecanton27.ch\/wp-content\/uploads\/2022\/05\/ballkanii7-1024x768.jpg 1024w, https:\/\/lecanton27.ch\/wp-content\/uploads\/2022\/05\/ballkanii7-768x576.jpg 768w, https:\/\/lecanton27.ch\/wp-content\/uploads\/2022\/05\/ballkanii7-1536x1152.jpg 1536w, https:\/\/lecanton27.ch\/wp-content\/uploads\/2022\/05\/ballkanii7-2048x1536.jpg 2048w, https:\/\/lecanton27.ch\/wp-content\/uploads\/2022\/05\/ballkanii7-150x113.jpg 150w, https:\/\/lecanton27.ch\/wp-content\/uploads\/2022\/05\/ballkanii7-696x522.jpg 696w, https:\/\/lecanton27.ch\/wp-content\/uploads\/2022\/05\/ballkanii7-1068x801.jpg 1068w, https:\/\/lecanton27.ch\/wp-content\/uploads\/2022\/05\/ballkanii7-1920x1440.jpg 1920w\" alt=\"\" width=\"548\" height=\"411\" \/>Ne mesdite u zhvilluan ndeshja e pare miq\u00ebsore mes \u201cDardania\u201d nga Lausanna dhe \u201cKosova\u201d se Gjenev\u00ebs, kurse ne oren 16:00 me himnin kometar shqiptare dhe zvicerane, nise ndeshja e dyte mes ekipit shqiptar dhe zviceran n\u00eb \u2018Stade de la Fontenette\u2019 ne Gjenev\u00eb ne pranine e rreth 5 mije pjesemarresve ku prezentuan figura t\u00eb njohura t\u00eb futbollit shqiptare (Lorik Cana, Kastriot Imeri, Migjen Basha, Andi Lila, Taulant Seferi, Shkodran Mustafi) zviceran\u00eb dhe nd\u00ebrkomb\u00ebtar.\u00a0Trajner i ekipit te Lorik Canes ishte zvicerani Bernard Challandes, ndersa trajner i ekpit te Djourou ishte Michel pont. Kurse, ndeshja u referua nga Genz Nuza me ndihmesit e tij.<\/p>\n<p>Kte dite humanite per ndere te \u201cJetmave e Ballkanit \u201d i dhane freski edhe prnaia e kengetareve tane te njohur si Capital T, Dhurata Dora, Meda dhe te tjre te cilet argetuan publikun per tri ore rresht. Vallaj dhe eknga jehionte sot ne kete qytet dnerkomb\u00ebtar\u00a0Sot Gjeneva ishte e pushtuar me kuqezi\u2026Stadiumi i Gjenev\u00ebs i mbuluar mos me flamuj zvicerane edhe me flamuj kombetar te dy shteve , te Kosoves dhe Shqiperis\u00eb te rinje e te rejat te veshura me plisa dhe veshje kombetare, ishte tamam fest\u00eb!<\/p>\n<p><img loading=\"lazy\" loading=\"lazy\" decoding=\"async\" class=\"wp-image-16682 alignleft td-animation-stack-type0-2\" src=\"https:\/\/lecanton27.ch\/wp-content\/uploads\/2022\/05\/ballkanittt4-300x225.jpg\" sizes=\"auto, (max-width: 477px) 100vw, 477px\" srcset=\"https:\/\/lecanton27.ch\/wp-content\/uploads\/2022\/05\/ballkanittt4-300x225.jpg 300w, https:\/\/lecanton27.ch\/wp-content\/uploads\/2022\/05\/ballkanittt4-1024x768.jpg 1024w, https:\/\/lecanton27.ch\/wp-content\/uploads\/2022\/05\/ballkanittt4-768x576.jpg 768w, https:\/\/lecanton27.ch\/wp-content\/uploads\/2022\/05\/ballkanittt4-1536x1152.jpg 1536w, https:\/\/lecanton27.ch\/wp-content\/uploads\/2022\/05\/ballkanittt4-2048x1536.jpg 2048w, https:\/\/lecanton27.ch\/wp-content\/uploads\/2022\/05\/ballkanittt4-150x113.jpg 150w, https:\/\/lecanton27.ch\/wp-content\/uploads\/2022\/05\/ballkanittt4-696x522.jpg 696w, https:\/\/lecanton27.ch\/wp-content\/uploads\/2022\/05\/ballkanittt4-1068x801.jpg 1068w, https:\/\/lecanton27.ch\/wp-content\/uploads\/2022\/05\/ballkanittt4-1920x1440.jpg 1920w\" alt=\"\" width=\"477\" height=\"358\" \/>Jo veteme kaq, per mesafiret kishte edhe lojera dhe supriza tjera. Kurse te rinjte, sidomos femiejt u k\u00ebnaqen, te cilet paten rastin te marrin fotografi jo vetem ma Halil Kastratin, Bekim Jasharin, Agim Ademi, por edhe me Lorik Canen, Capital T, Dhurata Dora, Meda dhe te tjeret..<\/p>\n<p>Mysafiret special nga Kosova qe erdhen ne Gjenev\u00eb per ta ndjekur\u00a0evenementin humanitar dhe kulturo-sportiv ishin: Halil Kastratit (presidnet i \u201cShoqates humnaitare \u201cJetimet e Ballkanit) \u00a0Bekim Jashari (nga fmailja e komandtit legjendar Adem Jashari) dhe Agim Ademi, kryeter i FFK-s\u00eb<\/p>\n<p>Ne fund te ndeshjeve dhe koncertit presiedneit i \u201cJetimat e ballkanit\u201d z.Halil Kastrtai me stafin e tij persh\u00ebndeti pjesmearresit kete inhtersim t\u00eb madh si dhe p\u00ebr kontributin e tyre p\u00ebr njer\u00ebzir me nevoje.<\/p>\n<p>Moderimin e k\u00ebtij evenmenti ma karakter humanitar e udhehoqi Labinot Gashi (Nje kafe me Labin) kurse komantues te ndeshjes dhe prezentimit te mysafireve e bene gazetaret Valon Jakupi, Arbnora Hasnai (frengjisht) dhe Nefail Maliqi, gazetar nderkomb\u00ebtar, redaktor i gazetes zvicerane ne Canton27.ch<\/p>\n<p>Dita e sotme humanitre permes dy ndeshjeve dhe koncertit t\u00eb madh humanitar dedikuar \u201cJetimave te Ballkanit\u201d kaloi pa kurr\u00ebfare incidenti! Rendin dhe sigurine e mbajten vete shqipataret dhe per gjashte ore nuk pa asnje police zviceran\u00eb Do theksuar se interesimi perveq mediave shqiptare ishte i madh edhe nga ato zvicerane.<\/p>\n<p><img loading=\"lazy\" loading=\"lazy\" decoding=\"async\" class=\"wp-image-16683 alignleft td-animation-stack-type0-2\" src=\"https:\/\/lecanton27.ch\/wp-content\/uploads\/2022\/05\/ballkan2-300x225.jpg\" sizes=\"auto, (max-width: 1268px) 100vw, 1268px\" srcset=\"https:\/\/lecanton27.ch\/wp-content\/uploads\/2022\/05\/ballkan2-300x225.jpg 300w, https:\/\/lecanton27.ch\/wp-content\/uploads\/2022\/05\/ballkan2-1024x768.jpg 1024w, https:\/\/lecanton27.ch\/wp-content\/uploads\/2022\/05\/ballkan2-768x576.jpg 768w, https:\/\/lecanton27.ch\/wp-content\/uploads\/2022\/05\/ballkan2-1536x1152.jpg 1536w, https:\/\/lecanton27.ch\/wp-content\/uploads\/2022\/05\/ballkan2-2048x1536.jpg 2048w, https:\/\/lecanton27.ch\/wp-content\/uploads\/2022\/05\/ballkan2-150x113.jpg 150w, https:\/\/lecanton27.ch\/wp-content\/uploads\/2022\/05\/ballkan2-696x522.jpg 696w, https:\/\/lecanton27.ch\/wp-content\/uploads\/2022\/05\/ballkan2-1068x801.jpg 1068w, https:\/\/lecanton27.ch\/wp-content\/uploads\/2022\/05\/ballkan2-1920x1440.jpg 1920w\" alt=\"\" width=\"1268\" height=\"951\" \/><img loading=\"lazy\" loading=\"lazy\" decoding=\"async\" class=\"alignnone wp-image-16684 td-animation-stack-type0-2\" src=\"https:\/\/lecanton27.ch\/wp-content\/uploads\/2022\/05\/ballkanitt3-300x225.jpg\" sizes=\"auto, (max-width: 1083px) 100vw, 1083px\" srcset=\"https:\/\/lecanton27.ch\/wp-content\/uploads\/2022\/05\/ballkanitt3-300x225.jpg 300w, https:\/\/lecanton27.ch\/wp-content\/uploads\/2022\/05\/ballkanitt3-1024x768.jpg 1024w, https:\/\/lecanton27.ch\/wp-content\/uploads\/2022\/05\/ballkanitt3-768x576.jpg 768w, https:\/\/lecanton27.ch\/wp-content\/uploads\/2022\/05\/ballkanitt3-1536x1152.jpg 1536w, https:\/\/lecanton27.ch\/wp-content\/uploads\/2022\/05\/ballkanitt3-2048x1536.jpg 2048w, https:\/\/lecanton27.ch\/wp-content\/uploads\/2022\/05\/ballkanitt3-150x113.jpg 150w, https:\/\/lecanton27.ch\/wp-content\/uploads\/2022\/05\/ballkanitt3-696x522.jpg 696w, https:\/\/lecanton27.ch\/wp-content\/uploads\/2022\/05\/ballkanitt3-1068x801.jpg 1068w, https:\/\/lecanton27.ch\/wp-content\/uploads\/2022\/05\/ballkanitt3-1920x1440.jpg 1920w\" alt=\"\" width=\"1083\" height=\"812\" \/><\/p>\n<\/div>\n<\/div>\n<div class=\"vc_row_inner tdi_73_69b  vc_row vc_inner wpb_row td-pb-row\">\n<div class=\"vc_column_inner tdi_75_497  wpb_column vc_column_container tdc-inner-column td-pb-span4 td-is-sticky\">\n<div class=\"vc_column-inner\">\n<div class=\"wpb_wrapper\">\n<div class=\"clearfix\"><\/div>\n<div class=\"clearfix\"><\/div>\n<\/div>\n<\/div>\n<\/div>\n<div class=\"vc_column_inner tdi_77_e6e  wpb_column vc_column_container tdc-inner-column td-pb-span8\">\n<div class=\"vc_column-inner\">\n<div class=\"wpb_wrapper\">\n<div class=\"clearfix\"><\/div>\n<div class=\"td_block_wrap tdb_single_post_share tdi_78_932 td-pb-border-top td_block_template_1\" data-td-block-uid=\"tdi_78_932\">\n<div id=\"tdi_78_932\" class=\"td-post-sharing tdb-block td-ps-bg td-ps-notext td-post-sharing-style1 \">\n<div class=\"td-post-sharing-visible\">\n<div class=\"td-social-sharing-button td-social-sharing-button-js td-social-handler td-social-share-text\">\n<div class=\"td-social-but-icon\"><\/div>\n<div class=\"td-social-but-text\">Share<\/div>\n<\/div>\n<div class=\"td-social-but-icon\"><\/div>\n<div class=\"td-social-but-icon\"><\/div>\n<div class=\"td-social-but-icon\"><\/div>\n<\/div>\n<\/div>\n<\/div>\n<div class=\"td_block_wrap tdb_single_next_prev tdi_79_76b td-pb-border-top td_block_template_1\" data-td-block-uid=\"tdi_79_76b\">\n<div class=\"tdb-block-inner td-fix-index\">\n<div class=\"tdb-next-post tdb-next-post-bg tdb-post-prev\"><\/div>\n<\/div>\n<\/div>\n<\/div>\n<\/div>\n<\/div>\n<\/div>\n","protected":false},"excerpt":{"rendered":"<p>Mysafiret special nga Kosova qe erdhen ne Gjenev\u00eb per ta ndjekur\u00a0evenementin humanitar dhe kulturo-sportiv ishin: Halil Kastratit (presidnet i \u201cShoqates humnaitare \u201cJetimet e Ballkanit) \u00a0Bekim Jashari (nga fmailja e komandtit legjendar Adem Jashari) dhe Agim Ademi, kryeter i FFK-s\u00eb (Photo: Le Canton27.ch)\u00a0 Gjenev\u00eb, 29 maj -Nen organizimin e Shoqat\u00ebs bamir\u00ebse \u2018Jetimat e Ballkanit\u2019 sot ne [&hellip;]<\/p>\n","protected":false},"author":1,"featured_media":2490,"comment_status":"closed","ping_status":"closed","sticky":false,"template":"","format":"standard","meta":{"footnotes":""},"categories":[2],"tags":[],"class_list":{"0":"post-2489","1":"post","2":"type-post","3":"status-publish","4":"format-standard","5":"has-post-thumbnail","7":"category-zvicer"},"_links":{"self":[{"href":"https:\/\/syri.tv\/index.php?rest_route=\/wp\/v2\/posts\/2489","targetHints":{"allow":["GET"]}}],"collection":[{"href":"https:\/\/syri.tv\/index.php?rest_route=\/wp\/v2\/posts"}],"about":[{"href":"https:\/\/syri.tv\/index.php?rest_route=\/wp\/v2\/types\/post"}],"author":[{"embeddable":true,"href":"https:\/\/syri.tv\/index.php?rest_route=\/wp\/v2\/users\/1"}],"replies":[{"embeddable":true,"href":"https:\/\/syri.tv\/index.php?rest_route=%2Fwp%2Fv2%2Fcomments&post=2489"}],"version-history":[{"count":1,"href":"https:\/\/syri.tv\/index.php?rest_route=\/wp\/v2\/posts\/2489\/revisions"}],"predecessor-version":[{"id":2491,"href":"https:\/\/syri.tv\/index.php?rest_route=\/wp\/v2\/posts\/2489\/revisions\/2491"}],"wp:featuredmedia":[{"embeddable":true,"href":"https:\/\/syri.tv\/index.php?rest_route=\/wp\/v2\/media\/2490"}],"wp:attachment":[{"href":"https:\/\/syri.tv\/index.php?rest_route=%2Fwp%2Fv2%2Fmedia&parent=2489"}],"wp:term":[{"taxonomy":"category","embeddable":true,"href":"https:\/\/syri.tv\/index.php?rest_route=%2Fwp%2Fv2%2Fcategories&post=2489"},{"taxonomy":"post_tag","embeddable":true,"href":"https:\/\/syri.tv\/index.php?rest_route=%2Fwp%2Fv2%2Ftags&post=2489"}],"curies":[{"name":"wp","href":"https:\/\/api.w.org\/{rel}","templated":true}]}}