{"id":2486,"date":"2022-05-28T09:05:48","date_gmt":"2022-05-28T09:05:48","guid":{"rendered":"https:\/\/syri.tv\/?p=2486"},"modified":"2022-05-28T09:05:48","modified_gmt":"2022-05-28T09:05:48","slug":"ku-ngelen-11-vota-per-nje-ulese-ne-kuvendin-e-serbise-per-shaip-kamberin","status":"publish","type":"post","link":"https:\/\/syri.tv\/?p=2486","title":{"rendered":"Ku ngel\u00ebn 11 vota p\u00ebr nj\u00eb ul\u00ebse n\u00eb Kuvendin e Serbis\u00eb p\u00ebr Shaip Kamberin"},"content":{"rendered":"<p>Ky \u00ebsht\u00eb realiteti jon\u00eb i shqiptar\u00ebve p\u00ebr unitet.<\/p>\n<p>Nuk po zbrazet Lugina e Preshev\u00ebs vet\u00ebm nga presioni serb po nga mos uniteti i vet\u00eb shqiptar\u00ebve.<\/p>\n<p>P\u00ebr vet\u00ebm 11 vota shqiptar\u00ebt nuk kan\u00eb arritur t\u00eb marrin nj\u00eb ul\u00ebse n\u00eb Kuvendin e Serbis\u00eb, raporton \u201cN1\u201d n\u00eb Serbi t\u00eb premten n\u00eb mbr\u00ebmje, sipas t\u00eb dh\u00ebnave jozyrtare nga zgjedhjet e p\u00ebrs\u00ebritura n\u00eb vendvotimin nr. 6 T\u00ebrnoc t\u00eb Bujanocit.<\/p>\n<p>&#171;Koalicioni i Shqiptar\u00ebve t\u00eb Lugin\u00ebs&#187; i\u00a0 ka marr\u00eb 598 vota, nd\u00ebrsa i duheshin 609 p\u00ebr t\u00eb siguruar ul\u00ebsen dhe\u00a0Shaip Kamberi nuk do t\u00eb jet\u00eb m\u00eb pjes\u00eb e Parlamentit t\u00eb Serbis\u00eb.<\/p>\n<p>N\u00eb nj\u00eb prononcim ish-deputeti Kamberi ka th\u00ebn\u00eb se koalicioni i Shqiptar\u00ebve t\u00eb Lugin\u00ebs nga zgjedhjet e sonte n\u00eb T\u00ebrrnoc, ka marr\u00eb vet\u00ebm 598 vota, t\u00eb pamjaftueshme p\u00ebr rizgjedhjen e tij.<\/p>\n<p>Ai ka th\u00ebn\u00eb se 6 nga k\u00ebto vota i ka marr\u00eb Partia Socialiste e Serbis\u00eb, nd\u00ebrkoh\u00eb q\u00eb 10 t\u00eb tjera jan\u00eb shpallur t\u00eb pavlefshme.<\/p>\n<p>\u201c598 vota i kemi marr\u00eb, p\u00ebr 13 vota nuk e arrijm\u00eb mandatin sepse 6 vota ka marr\u00eb SPS dhe 10 t\u00eb tjera jan\u00eb t\u00eb pavlefshme\u201d, ka th\u00ebn\u00eb\u00a0 Kamberi.<\/p>\n<p>Sipas raportimeve, n\u00eb vendvotimin n\u00eb shkoll\u00ebn fillore \u201cMuharrem Kadri\u201d kan\u00eb votuar 618 nga 1050 votues t\u00eb regjistruar, p\u00ebrfundon raportimi.<\/p>\n<p>Kujtojm\u00eb se n\u00eb zgjedhjet e p\u00ebrs\u00ebritura p\u00ebr her\u00eb t\u00eb dyt\u00eb n\u00eb T\u00ebrnoc t\u00eb Bujanocit, Kamberi ka marr\u00eb 679 vota t\u00eb cilat ishin t\u00eb mjaftueshme q\u00eb ai t\u00eb b\u00ebhej deputet.<\/p>\n<p>Por, nj\u00eb ankes\u00eb nga koalicioni SPS, Serbia e Bashkuar dhe \u201cT\u00eb Gjelbrit e Serbis\u00eb\u201d, shtyu Komisionin Republikan t\u00eb Zgjedhjeve q\u00eb zgjedhjet t\u00eb p\u00ebrs\u00ebriten edhe nj\u00eb her\u00eb.\/express\/<\/p>\n","protected":false},"excerpt":{"rendered":"<p>Ky \u00ebsht\u00eb realiteti jon\u00eb i shqiptar\u00ebve p\u00ebr unitet. Nuk po zbrazet Lugina e Preshev\u00ebs vet\u00ebm nga presioni serb po nga mos uniteti i vet\u00eb shqiptar\u00ebve. P\u00ebr vet\u00ebm 11 vota shqiptar\u00ebt nuk kan\u00eb arritur t\u00eb marrin nj\u00eb ul\u00ebse n\u00eb Kuvendin e Serbis\u00eb, raporton \u201cN1\u201d n\u00eb Serbi t\u00eb premten n\u00eb mbr\u00ebmje, sipas t\u00eb dh\u00ebnave jozyrtare nga zgjedhjet [&hellip;]<\/p>\n","protected":false},"author":1,"featured_media":2487,"comment_status":"closed","ping_status":"closed","sticky":false,"template":"","format":"standard","meta":{"footnotes":""},"categories":[9],"tags":[],"class_list":{"0":"post-2486","1":"post","2":"type-post","3":"status-publish","4":"format-standard","5":"has-post-thumbnail","7":"category-vendi"},"_links":{"self":[{"href":"https:\/\/syri.tv\/index.php?rest_route=\/wp\/v2\/posts\/2486","targetHints":{"allow":["GET"]}}],"collection":[{"href":"https:\/\/syri.tv\/index.php?rest_route=\/wp\/v2\/posts"}],"about":[{"href":"https:\/\/syri.tv\/index.php?rest_route=\/wp\/v2\/types\/post"}],"author":[{"embeddable":true,"href":"https:\/\/syri.tv\/index.php?rest_route=\/wp\/v2\/users\/1"}],"replies":[{"embeddable":true,"href":"https:\/\/syri.tv\/index.php?rest_route=%2Fwp%2Fv2%2Fcomments&post=2486"}],"version-history":[{"count":1,"href":"https:\/\/syri.tv\/index.php?rest_route=\/wp\/v2\/posts\/2486\/revisions"}],"predecessor-version":[{"id":2488,"href":"https:\/\/syri.tv\/index.php?rest_route=\/wp\/v2\/posts\/2486\/revisions\/2488"}],"wp:featuredmedia":[{"embeddable":true,"href":"https:\/\/syri.tv\/index.php?rest_route=\/wp\/v2\/media\/2487"}],"wp:attachment":[{"href":"https:\/\/syri.tv\/index.php?rest_route=%2Fwp%2Fv2%2Fmedia&parent=2486"}],"wp:term":[{"taxonomy":"category","embeddable":true,"href":"https:\/\/syri.tv\/index.php?rest_route=%2Fwp%2Fv2%2Fcategories&post=2486"},{"taxonomy":"post_tag","embeddable":true,"href":"https:\/\/syri.tv\/index.php?rest_route=%2Fwp%2Fv2%2Ftags&post=2486"}],"curies":[{"name":"wp","href":"https:\/\/api.w.org\/{rel}","templated":true}]}}