{"id":2432,"date":"2022-04-20T11:18:32","date_gmt":"2022-04-20T11:18:32","guid":{"rendered":"https:\/\/syri.tv\/?p=2432"},"modified":"2022-04-20T11:18:32","modified_gmt":"2022-04-20T11:18:32","slug":"perpjekjet-e-shqiptareve-te-lugines-se-presheves-per-bashkim-me-shqiperine-etnike-me-1941","status":"publish","type":"post","link":"https:\/\/syri.tv\/?p=2432","title":{"rendered":"PERPJEKJET E SHQIPTAREVE TE LUGINES SE PRESHEVES PER BASHKIM ME SHQIPERINE ETNIKE ME 1941"},"content":{"rendered":"<div class=\"kvgmc6g5 cxmmr5t8 oygrvhab hcukyx3x c1et5uql ii04i59q\">\n<div dir=\"auto\">Titull i huazuar nga Prof.dr. Vebi Xhemaili:PERPJEKJET EDHE TE SHQIPTAREVE TE LUGINES SE PRESHEVES PER BASHKIM ME SHQIPERINE ETNIKE ME 1941<\/div>\n<\/div>\n<div class=\"cxmmr5t8 oygrvhab hcukyx3x c1et5uql o9v6fnle ii04i59q\">\n<div dir=\"auto\">Themelimi i L\u00ebvizjes Komb\u00ebtare p\u00ebr \u00c7lirim dhe Bashkim\/LKp\u00c7B\/ n\u00eb Shkup<\/div>\n<div dir=\"auto\"><img loading=\"lazy\" loading=\"lazy\" decoding=\"async\" class=\"alignnone  wp-image-2433\" src=\"https:\/\/syri.tv\/wp-content\/uploads\/2022\/04\/186259714_4119083068114939_1457179832082582458_n-293x300.jpg\" alt=\"\" width=\"157\" height=\"161\" srcset=\"https:\/\/syri.tv\/wp-content\/uploads\/2022\/04\/186259714_4119083068114939_1457179832082582458_n-293x300.jpg 293w, https:\/\/syri.tv\/wp-content\/uploads\/2022\/04\/186259714_4119083068114939_1457179832082582458_n-1000x1024.jpg 1000w, https:\/\/syri.tv\/wp-content\/uploads\/2022\/04\/186259714_4119083068114939_1457179832082582458_n-768x786.jpg 768w, https:\/\/syri.tv\/wp-content\/uploads\/2022\/04\/186259714_4119083068114939_1457179832082582458_n-860x880.jpg 860w, https:\/\/syri.tv\/wp-content\/uploads\/2022\/04\/186259714_4119083068114939_1457179832082582458_n.jpg 1145w\" sizes=\"auto, (max-width: 157px) 100vw, 157px\" \/><\/div>\n<\/div>\n<div class=\"cxmmr5t8 oygrvhab hcukyx3x c1et5uql o9v6fnle ii04i59q\">\n<div dir=\"auto\">Shkruan: Xhemaledin SALIHU<\/div>\n<\/div>\n<div class=\"cxmmr5t8 oygrvhab hcukyx3x c1et5uql o9v6fnle ii04i59q\">\n<div dir=\"auto\">Gjermania fashiste m\u00eb 6 prill 1941 sulmoi Jugosllavin\u00eb Mbret\u00ebrore, e cila kapituloi dhe nuk rrezistoi kund\u00ebr k\u00ebsaj force t\u00eb madhe. Me pushtimin e Mbret\u00ebris\u00eb Jugosllave p\u00ebrfitoi edhe Bullgaria fashiste, e cila ishte aleate e Gjermanis\u00eb. K\u00ebshtu i p\u00ebrvet\u00ebsoi shumic\u00ebn e tokave shqiptare, duke th\u00ebn\u00eb se ato toka ishin bullgare.Me k\u00ebt\u00eb edhe fillon dhuna e papar\u00eb e ushtris\u00eb bullgare kund\u00ebr popullat\u00ebs t\u00eb pa mbrojtur shqiptare.Ajo n\u00ebn pretekstin e k\u00ebrkimit t\u00eb arm\u00ebve b\u00ebnte terror t\u00eb papar\u00eb, duke vrar\u00eb, rrahur, pla\u00e7kitur shqiptar\u00ebt n\u00ebp\u00ebr t\u00eb gjitha tokat shqiptare. N\u00eb tokat shqiptare dhe n\u00eb popullat\u00ebn shqiptare u b\u00eb nj\u00eb gjenocid i pa par\u00eb deri at\u00ebher\u00eb dhe fushat\u00eb e eg\u00ebr. Thuhet se popullata maqedonase, ushtrin\u00eb bullgare e priti me lule, sepse e pa shp\u00ebtimin nga ajo, nd\u00ebrsa trajtimi i Shqiptar\u00ebve ishte shum\u00eb i ashp\u00ebr. K\u00ebshtu okupatori bullgar ndaj sllav\u00ebve pati politik\u00eb tjet\u00ebr fare, m\u00eb t\u00eb but\u00eb, nd\u00ebrsa ndaj shqiptar\u00ebve shum\u00eb t\u00eb eg\u00ebr.<\/div>\n<div dir=\"auto\">Patriot\u00ebt preshevar\u00eb: Abdullah Haxhi Veliu, Haf\u00ebz Lutfi Ahmeti, dhe Abdullah Saqipi-Presheva, t\u00eb indinjuar nga gjendja e v\u00ebshtir\u00eb e popullat\u00ebs shqiptare n\u00eb Preshev\u00eb e rrethin\u00eb vendos\u00ebn t\u00eb shkojn\u00eb n\u00eb Kumanov\u00eb, p\u00ebr ta takuar dhe biseduar k\u00ebt\u00eb situat\u00eb me Shaban Efendin\u00eb.<\/div>\n<div dir=\"auto\">M\u00eb 15-16 prill t\u00eb vitit 1941 Shaban Efendia kthehet nga Nishi. Pas dy dit\u00ebsh e th\u00ebrrasin n\u00eb sht\u00ebpi p\u00ebr t\u00eb shkuar n\u00eb kafenen\u00eb e Sali Abdullahut n\u00eb Kumanov\u00eb, Abdullah Veliu, Haf\u00ebz Lutfi Ahmetin nga Presheva, Abdullah Saqipin-Presheva nga Golemidolli i Preshev\u00ebs dhe Jahja Osmani nga Kumanova, ku bisedohet p\u00ebr luft\u00ebn dhe vendosjen e bullgar\u00ebve n\u00eb trojet shqiptare : Kumanov\u00eb e Preshev\u00eb, e gjetiu si dhe sjelljet e tyre ndaj shqiptar\u00ebve. M\u00eb pas \u00ebsht\u00eb shkuar n\u00eb Shkup, n\u00eb Bojali Han, ku u mbajt Konferenca e LKp\u00c7B.<\/div>\n<div dir=\"auto\">Q\u00ebllimi p\u00ebr shkuarjen e tyre n\u00eb Shkup ishte q\u00eb t\u00eb informoheshin se ardhja e bullgar\u00ebve ishte e v\u00ebrtet\u00eb apo jo, sipas Shaban Efendis\u00eb. Mir\u00ebpo, q\u00ebndrimi i tij dhe q\u00ebndrimi i shok\u00ebve gjat\u00eb shqyrtimit t\u00eb k\u00ebsaj \u00e7\u00ebshtjeje ishte mund\u00ebsia dhe q\u00ebllimi kryesor i tyre q\u00eb viset ku jetonte shumica e popullat\u00ebs shqiptare t\u2019i bashk\u00ebngjiteshin Shqip\u00ebris\u00eb, e cila ishte n\u00ebn sundimin e Italis\u00eb fashiste.<\/div>\n<div dir=\"auto\">Grupi i p\u00ebrmendur posa arrit\u00ebn n\u00eb Shkup u vendos\u00ebn n\u00eb dhomat e sip\u00ebrme t\u00eb \u201cBojali Hanit\u201d, sepse posht\u00eb n\u00eb restorant kishin droj\u00eb se v\u00ebreheshin nga ana e okupatorit bullgar.<\/div>\n<div dir=\"auto\">K\u00ebshtu, m\u00eb 19 prill 1941, n\u00eb lokalet e Bojali Hanit n\u00eb Shkup, u mbajt Konferenca e drejtuesve t\u00eb L\u00ebvizjes Komb\u00ebtare p\u00ebr \u00c7lirim dhe Bashkim \/LKp\u00c7B\/, ku mor\u00ebn pjes\u00eb: Shaban Jashari, Aqif Tetova nga Gjilani, Shaip Mustafa nga Presheva, Jahja Osmani nga Kumanova, Abdullah Veliu nga Presheva, Haf\u00ebz Lutfi Ahmeti nga Presheva, Abdullah Saqipi nga Presheva, me vendbanim n\u00eb Shkup dhe Idriz Ymer-C\u00ebrc\u00ebri nga Tetova.<\/div>\n<div dir=\"auto\">N\u00eb Konferenc\u00eb \u00ebsht\u00eb diskutuar p\u00ebr tri pika t\u00eb rendit t\u00eb dit\u00ebs:<\/div>\n<div dir=\"auto\">1.Informat\u00eb nga t\u00eb pranishmit p\u00ebr gjendjen n\u00eb territoret shqiptare, pas vendosjes s\u00eb ushtris\u00eb bullgare,<\/div>\n<div dir=\"auto\">2.Themelimi i L\u00ebvizjes p\u00ebr Bashkimin e Tokave Shqiptare me Shqip\u00ebrin\u00eb dhe<\/div>\n<div dir=\"auto\">3. Formimi i nj\u00eb delegacioni, i cili menj\u00ebher\u00eb do t\u00eb udh\u00ebtoj\u00eb p\u00ebr Tetov\u00eb, Gostivar, Dib\u00ebr, Tiran\u00eb dhe qendra t\u00eb tjera shqiptare me q\u00ebllim t\u00eb informimit reciprok p\u00ebr situat\u00ebn e p\u00ebrgjithshme shqiptare.<\/div>\n<div dir=\"auto\">Konferenca p\u00ebr shkaqe sigurie zgjati dy dit\u00eb. N\u00eb fund t\u00eb saj pjes\u00ebmarr\u00ebsit soll\u00ebn vendimet si m\u00eb posht\u00eb:<\/div>\n<div dir=\"auto\">1.U themelua LKp\u00c7B, e cila n\u00eb t\u00eb ardhmen do t\u00eb angazhohet q\u00eb krahinat shqiptare t\u00eb pushtuara nga okupatori bullgar, si\u00e7 ishin Shkupi, Kumanova, Gjilani dhe Presheva, t\u00eb bashkohen me Shqip\u00ebrin\u00eb Etnike,<\/div>\n<div dir=\"auto\">2.Me q\u00ebllim t\u00eb informimit sa m\u00eb t\u00eb gjer\u00eb, nga pjes\u00ebmarr\u00ebsit e k\u00ebsaj Konference u formua delegacioni, i cili do t\u00eb udh\u00ebtonte p\u00ebr Tetov\u00eb, Gostivar, Dib\u00ebr dhe Tiran\u00eb, ku do t\u00eb bisedonte me autoritetet e atjeshme shqiptare, p\u00ebrfshir\u00eb k\u00ebtu edhe me krer\u00ebt e qeveris\u00eb s\u00eb Shqip\u00ebris\u00eb. Delegacionin e udh\u00ebheq Shaban Jashari, nd\u00ebrsa an\u00ebtar\u00eb tjer\u00eb ishin: Abdullah Saqipi-Presheva dhe Aqif Tetova.<\/div>\n<\/div>\n<div class=\"cxmmr5t8 oygrvhab hcukyx3x c1et5uql o9v6fnle ii04i59q\">\n<div dir=\"auto\">Udh\u00ebtimi i delegacionit t\u00eb LKp\u00c7B n\u00eb Tiran\u00eb<\/div>\n<\/div>\n<div class=\"cxmmr5t8 oygrvhab hcukyx3x c1et5uql o9v6fnle ii04i59q\">\n<div dir=\"auto\">N\u00eb Konferenc\u00ebn e L\u00ebvizjes Komb\u00ebtare p\u00ebr \u00c7lirim dhe Bashkim t\u00eb Trojeve Shqiptare me Shqip\u00ebrin\u00eb, n\u00eb \u201cBojali Han\u201d t\u00eb Shkupit, m\u00eb 19 prill 1941 pos tjerave u diskutua edhe p\u00ebr formimin e nj\u00eb delegacioni, i cli do t\u00eb udh\u00ebtonte p\u00ebr Shqip\u00ebri. Delegacioni do ta njoftonte pushtetin shqiptar me zullumin e popullat\u00ebs n\u00eb trojet shqiptare n\u00ebn pushtimin e Bullgaris\u00eb fashiste dhe k\u00ebrkes\u00ebn Shqiptar\u00ebve t\u00ebe Trojeve Shqiptare : Shkup, Kumanov\u00eb, Preshev\u00eb dhe Gjilan p\u00ebr Bashkim me Shqip\u00ebrin\u00eb Etnike.<\/div>\n<div dir=\"auto\">Delegacioni u formnua n\u00eb p\u00ebrb\u00ebrje t\u00eb Shaban Efendis\u00eb, Abdullah Saqipit-Presheva dhe Aqif Tetov\u00ebs.<\/div>\n<div dir=\"auto\">Shpenzimet e rrug\u00ebs i hoq\u00ebn dhe i siguruan : Abdullah Veliu nga Presheva dha 4.ooo dinar\u00eb, Shaban Efendia dha 700 dinar\u00eb, nd\u00ebrsa Abdullah Saqipi dhe Aqif Tetova i siguruan shpenzimet e rrug\u00ebs nga burimet vetanake.<\/div>\n<div dir=\"auto\">Delegacioni i p\u00ebrmendur gjat\u00eb rrug\u00ebs u ndal\u00ebn n\u00eb Tetov\u00eb, tek Shuaip Kamberi, ku biseduan p\u00ebr situat\u00ebn politike n\u00eb rajon. K\u00ebtu delegacionit iu bashkangjit edhe Udriz Ymeri nga Tetova. M\u00eb von\u00eb, delegacionit rrug\u00ebs p\u00ebr Tiran\u00eb iu bashkua edhe p\u00ebrfaqsuesi i Gostivarit, Kadri Salihu.<\/div>\n<div dir=\"auto\">N\u00eb Tiran\u00eb kishin arritur t\u00eb takoshin me k\u00ebta persona zyrtar\u00eb : Fuat Dibra, k\u00ebshilltar politik n\u00eb qeveri, Shefqet V\u00ebrlaci, kryetar i Qeveris\u00eb s\u00eb At\u00ebhershme, i cili, pasi delegacioni ia elaboroi situat\u00ebn, nuk u tregua shum\u00eb i entuziazmuar p\u00ebr k\u00ebrkesat e delegacionit, shprehu nj\u00ebfar\u00eb indiference sikur edhe t\u00eb tjer\u00ebt zyrtar\u00eb, Avni Gjilani, pensionist, k\u00ebshilltar politik n\u00eb qeveri, Memedali Gjilani, ish n\u00ebpun\u00ebs, Ramadan Kosova, ish kapiten i Ushtris\u00eb Zogiste, Zeqir Rexha, profesor n\u00eb Gjimnazin e Tiran\u00ebs, Ahmet Gashi, profesor n\u00eb Normalen e Tiran\u00ebs, Maliq Bushati, minist\u00ebr i pun\u00ebve t\u00eb brendshme t\u00eb qeveris\u00eb shqiptare.<\/div>\n<div dir=\"auto\">Delegacioni kishte ngelur disa dit\u00eb n\u00eb Tiran\u00eb dhe pastaj kishte marr\u00eb rrug\u00ebn p\u00ebr Preshev\u00eb, Kumanov\u00eb e Shkup n\u00ebp\u00ebrmjet Kosov\u00ebs. Me ta p\u00ebr Kosov\u00eb kishin ardhur edhe shum\u00eb m\u00ebsues nga Tirana.<\/div>\n<\/div>\n<div class=\"cxmmr5t8 oygrvhab hcukyx3x c1et5uql o9v6fnle ii04i59q\">\n<div dir=\"auto\">Foto: Kat\u00ebrshi n\u00eb an\u00ebn e djatht\u00eb, nga e majta : i pari i pa njohur, Shaban Efendia,<\/div>\n<div dir=\"auto\">Haf\u00ebz Lutfi Ahmeti dhe Shaban Haziri i Bugarin\u00ebve<\/div>\n<\/div>\n","protected":false},"excerpt":{"rendered":"<p>Titull i huazuar nga Prof.dr. Vebi Xhemaili:PERPJEKJET EDHE TE SHQIPTAREVE TE LUGINES SE PRESHEVES PER BASHKIM ME SHQIPERINE ETNIKE ME 1941 Themelimi i L\u00ebvizjes Komb\u00ebtare p\u00ebr \u00c7lirim dhe Bashkim\/LKp\u00c7B\/ n\u00eb Shkup Shkruan: Xhemaledin SALIHU Gjermania fashiste m\u00eb 6 prill 1941 sulmoi Jugosllavin\u00eb Mbret\u00ebrore, e cila kapituloi dhe nuk rrezistoi kund\u00ebr k\u00ebsaj force t\u00eb madhe. Me [&hellip;]<\/p>\n","protected":false},"author":1,"featured_media":2434,"comment_status":"closed","ping_status":"closed","sticky":false,"template":"","format":"standard","meta":{"footnotes":""},"categories":[9],"tags":[],"class_list":{"0":"post-2432","1":"post","2":"type-post","3":"status-publish","4":"format-standard","5":"has-post-thumbnail","7":"category-vendi"},"_links":{"self":[{"href":"https:\/\/syri.tv\/index.php?rest_route=\/wp\/v2\/posts\/2432","targetHints":{"allow":["GET"]}}],"collection":[{"href":"https:\/\/syri.tv\/index.php?rest_route=\/wp\/v2\/posts"}],"about":[{"href":"https:\/\/syri.tv\/index.php?rest_route=\/wp\/v2\/types\/post"}],"author":[{"embeddable":true,"href":"https:\/\/syri.tv\/index.php?rest_route=\/wp\/v2\/users\/1"}],"replies":[{"embeddable":true,"href":"https:\/\/syri.tv\/index.php?rest_route=%2Fwp%2Fv2%2Fcomments&post=2432"}],"version-history":[{"count":1,"href":"https:\/\/syri.tv\/index.php?rest_route=\/wp\/v2\/posts\/2432\/revisions"}],"predecessor-version":[{"id":2435,"href":"https:\/\/syri.tv\/index.php?rest_route=\/wp\/v2\/posts\/2432\/revisions\/2435"}],"wp:featuredmedia":[{"embeddable":true,"href":"https:\/\/syri.tv\/index.php?rest_route=\/wp\/v2\/media\/2434"}],"wp:attachment":[{"href":"https:\/\/syri.tv\/index.php?rest_route=%2Fwp%2Fv2%2Fmedia&parent=2432"}],"wp:term":[{"taxonomy":"category","embeddable":true,"href":"https:\/\/syri.tv\/index.php?rest_route=%2Fwp%2Fv2%2Fcategories&post=2432"},{"taxonomy":"post_tag","embeddable":true,"href":"https:\/\/syri.tv\/index.php?rest_route=%2Fwp%2Fv2%2Ftags&post=2432"}],"curies":[{"name":"wp","href":"https:\/\/api.w.org\/{rel}","templated":true}]}}