{"id":2274,"date":"2022-04-04T18:24:25","date_gmt":"2022-04-04T18:24:25","guid":{"rendered":"https:\/\/syri.tv\/?p=2274"},"modified":"2022-04-04T21:56:57","modified_gmt":"2022-04-04T21:56:57","slug":"kurti-serbia-as-vend-demokratik-e-as-neutral-ndaj-invazionit-rus","status":"publish","type":"post","link":"https:\/\/syri.tv\/?p=2274","title":{"rendered":"Kurti: Serbia as vend demokratik e as neutral ndaj invazionit rus"},"content":{"rendered":"<p><strong>Kryeministri Albin Kurti deklaroi se mbi 18 mij\u00eb serb\u00eb nga Kosova kan\u00eb shkuar drejt Serbis\u00eb gjat\u00eb s\u00eb diel\u00ebs, nd\u00ebrsa prej tyre mbi 15 mij\u00eb kan\u00eb qen\u00eb votues. Sipas tij, as 20% e serb\u00ebve t\u00eb Kosov\u00ebs nuk kan\u00eb votuar.<\/strong><\/p>\n<p>P\u00ebr zgjedhjet n\u00eb Serbi, shefi i ekzekutivit thot\u00eb se kan\u00eb vet\u00ebm dat\u00eb pasi fituesi dihet p\u00ebr shkak t\u00eb munges\u00ebs s\u00eb demokracis\u00eb.<\/p>\n<p>Kurti p\u00ebr KosovaPress tha se shqiptar\u00ebve n\u00eb Lugin\u00ebn e Preshev\u00ebs iu \u00ebsht\u00eb b\u00ebr\u00eb nj\u00eb padrejt\u00ebsi e madhe dhe rezultati jo i mir\u00eb n\u00eb zgjedhje mund t\u00eb jet\u00eb ndikuar nga pasivizimi i mbi 6 mij\u00eb adresave.<\/p>\n<p>Ai i b\u00ebri thirrje Bashkimit Evropian q\u00eb t\u00eb tregohet me e ashp\u00ebr ndaj Serbis\u00eb q\u00eb nuk po d\u00ebnon as invzionin rus n\u00eb Ukrain\u00eb.<\/p>\n<p>Kreu i qeveris\u00eb vler\u00ebsoi se situata t\u00eb diel\u00ebn e 3 prillit ishte paq\u00ebsore nd\u00ebrsa qytetar\u00ebt serb\u00eb me shtet\u00ebsi t\u00eb Kosov\u00ebs shkuan n\u00eb Serbi p\u00ebr votuar. Ai tha se kjo d\u00ebshmon se Republika e Kosov\u00ebs si shtet i pavarur dhe sovran garanton sigurin\u00eb e t\u00eb gjith\u00eb qytetar\u00ebve.<\/p>\n<p>Ai fal\u00ebnderoi Policin\u00eb e Kosov\u00ebs p\u00ebr profesionaliz\u00ebm dhe efikasitet n\u00eb menaxhimin e situat\u00ebs q\u00eb nisi me organizimin e autobus\u00ebve n\u00ebp\u00ebr komunat me shumic\u00eb serb\u00eb e deri n\u00eb kthimin e tyre p\u00ebrs\u00ebri n\u00eb Republik\u00ebn e Kosov\u00ebs.<\/p>\n<p>\u201cZgjedhjet e Serbis\u00eb nuk u mbajt\u00ebn dje n\u00eb territorin e Republik\u00ebs s\u00eb Kosov\u00ebs p\u00ebr shkak se nuk e kishim nj\u00eb marr\u00ebveshje paraprake si\u00e7 e kemi k\u00ebrkuar. Serbia i ka mbajtur zgjedhjet me k\u00ebt\u00eb rast i fal\u00ebnderoj Policin\u00eb e Kosov\u00ebs p\u00ebr profesionaliz\u00ebm dhe efikasitet. Por gjithashtu edhe qytetar\u00ebt serb\u00eb q\u00eb kan\u00eb edhe shtet\u00ebsi t\u00eb Serbis\u00eb p\u00ebrve\u00e7se t\u00eb Kosov\u00ebs t\u00eb cil\u00ebt ishin t\u00eb qet\u00eb teksa shkuan n\u00eb kat\u00ebr komunat n\u00eb Serbi p\u00ebr t\u00eb votuar atje. Gjith\u00e7ka ishte paq\u00ebsore. Kjo d\u00ebshmoi q\u00eb Republika e Kosov\u00ebs si shtet i pavarur dhe sovran garanton sigurin\u00eb e t\u00eb gjith\u00eb qytetar\u00ebve t\u00eb Republik\u00ebs pa dallim. N\u00eb baz\u00eb t\u00eb t\u00eb dh\u00ebnave q\u00eb kam marr\u00eb dje deri n\u00eb or\u00ebt e mbr\u00ebmjes mbi 18 mij\u00eb qytetar\u00eb kan\u00eb shkuar nga Kosova n\u00eb Serbi. Prej tyre llogariten q\u00eb 15 mij\u00eb kan\u00eb qen\u00eb votues p\u00ebr zgjedhjet n\u00eb Serbi. Kur kemi parasysh q\u00eb gjithsej serb\u00eb n\u00eb Kosov\u00eb jan\u00eb rreth 130 mij\u00eb dhe duke pasur nj\u00ebkoh\u00ebsisht parasysh q\u00eb jo t\u00eb gjith\u00eb kan\u00eb t\u00eb drejt\u00eb vote, dalja e tyre n\u00eb zgjedhjet e Serbis\u00eb ka qen\u00eb gjithsesi m\u00eb e ul\u00ebt sesa 20 p\u00ebr qind. Kan\u00eb shkuar rreth 170 autobus\u00eb dhe minibus por edhe shum\u00eb t\u00eb tjer\u00eb me vetura t\u00eb tyre private\u201d, tha Kurti p\u00ebr KosovaPress.<\/p>\n<p>P\u00ebrkund\u00ebr thirrjeve t\u00eb shumta t\u00eb nd\u00ebrkomb\u00ebtar\u00ebve q\u00eb duhet t\u00eb kishte nj\u00eb zgjidhje p\u00ebr t\u00eb lejuar mbajtjen e zgjedhjeve serbe n\u00eb territorin e Republik\u00ebs, nj\u00eb gj\u00eb e till\u00eb nuk ndodhi pasi Serbia nuk pranoi q\u00eb t\u00eb arrinte nj\u00eb marr\u00ebveshje me autoritetet e Kosov\u00ebs.<\/p>\n<p>Kurti theksoi se Kosova \u00ebsht\u00eb vend q\u00eb e do paqen dhe demokracin\u00eb e q\u00eb ruan kushtetutshm\u00ebrin\u00eb dhe sundimin e ligjit e q\u00eb nuk ia shkele t\u00eb drejtat askujt. Megjith\u00ebse p\u00ebrs\u00ebriti se nuk mund t\u00eb lejoj\u00eb mbajtjen e zgjedhjeve t\u00eb nj\u00eb vendi tjet\u00ebr p\u00ebrderisa nuk ka nj\u00eb marr\u00ebveshje.<\/p>\n<p>Kryeministri i Kosov\u00ebs deklaroi se Serbia nuk \u00ebsht\u00eb vend demokratik por as neutral kur vjen puna tek invazioni rus n\u00eb Ukrain\u00eb.<\/p>\n<p>\u201cN\u00eb Serbi nuk ka dilema p\u00ebr rezultatin e zgjedhjeve por vet\u00ebm p\u00ebr dat\u00ebn e tyre, sepse Serbia nuk \u00ebsht\u00eb nj\u00eb vend demokratik por edhe karshi agresionit ushtarak e invazionit rus nuk \u00ebsht\u00eb shtet neutral, andej po vazhdon autokracia dhe besoj q\u00eb \u00ebsht\u00eb koha e fundit q\u00eb Bashkimi Evropian ta d\u00ebnoj\u00eb k\u00ebt\u00eb autokraci e cila nuk po e d\u00ebnon inavzioin rus n\u00eb Ukrain\u00eb\u201d, deklaroi Kurti.<\/p>\n<p>Meqen\u00ebse n\u00eb k\u00ebto zgjedhje ishin edhe dy lista me kandidat\u00eb shqiptar\u00eb p\u00ebr deputet\u00eb n\u00eb Kuvendin e Serbis\u00eb, Kurti tha se shqiptar\u00ebve t\u00eb Preshev\u00ebs, Medvegj\u00ebs dhe Bujanocit i \u00ebsht\u00eb b\u00ebr\u00eb nj\u00eb padrejt\u00ebsi e madhe, meqen\u00ebse rreth 6 mij\u00eb adresa llogariten t\u00eb jen\u00eb pasivizuar.<\/p>\n","protected":false},"excerpt":{"rendered":"<p>Kryeministri Albin Kurti deklaroi se mbi 18 mij\u00eb serb\u00eb nga Kosova kan\u00eb shkuar drejt Serbis\u00eb gjat\u00eb s\u00eb diel\u00ebs, nd\u00ebrsa prej tyre mbi 15 mij\u00eb kan\u00eb qen\u00eb votues. Sipas tij, as 20% e serb\u00ebve t\u00eb Kosov\u00ebs nuk kan\u00eb votuar. P\u00ebr zgjedhjet n\u00eb Serbi, shefi i ekzekutivit thot\u00eb se kan\u00eb vet\u00ebm dat\u00eb pasi fituesi dihet p\u00ebr shkak [&hellip;]<\/p>\n","protected":false},"author":1,"featured_media":2275,"comment_status":"open","ping_status":"open","sticky":false,"template":"","format":"standard","meta":{"footnotes":""},"categories":[9],"tags":[],"class_list":{"0":"post-2274","1":"post","2":"type-post","3":"status-publish","4":"format-standard","5":"has-post-thumbnail","7":"category-vendi"},"_links":{"self":[{"href":"https:\/\/syri.tv\/index.php?rest_route=\/wp\/v2\/posts\/2274","targetHints":{"allow":["GET"]}}],"collection":[{"href":"https:\/\/syri.tv\/index.php?rest_route=\/wp\/v2\/posts"}],"about":[{"href":"https:\/\/syri.tv\/index.php?rest_route=\/wp\/v2\/types\/post"}],"author":[{"embeddable":true,"href":"https:\/\/syri.tv\/index.php?rest_route=\/wp\/v2\/users\/1"}],"replies":[{"embeddable":true,"href":"https:\/\/syri.tv\/index.php?rest_route=%2Fwp%2Fv2%2Fcomments&post=2274"}],"version-history":[{"count":1,"href":"https:\/\/syri.tv\/index.php?rest_route=\/wp\/v2\/posts\/2274\/revisions"}],"predecessor-version":[{"id":2276,"href":"https:\/\/syri.tv\/index.php?rest_route=\/wp\/v2\/posts\/2274\/revisions\/2276"}],"wp:featuredmedia":[{"embeddable":true,"href":"https:\/\/syri.tv\/index.php?rest_route=\/wp\/v2\/media\/2275"}],"wp:attachment":[{"href":"https:\/\/syri.tv\/index.php?rest_route=%2Fwp%2Fv2%2Fmedia&parent=2274"}],"wp:term":[{"taxonomy":"category","embeddable":true,"href":"https:\/\/syri.tv\/index.php?rest_route=%2Fwp%2Fv2%2Fcategories&post=2274"},{"taxonomy":"post_tag","embeddable":true,"href":"https:\/\/syri.tv\/index.php?rest_route=%2Fwp%2Fv2%2Ftags&post=2274"}],"curies":[{"name":"wp","href":"https:\/\/api.w.org\/{rel}","templated":true}]}}